{"id":1061,"date":"2011-08-10T08:00:18","date_gmt":"2011-08-10T08:00:18","guid":{"rendered":"http:\/\/www.dokosmuskrtkem.cz\/wordpress\/?p=1061"},"modified":"2011-08-11T06:35:57","modified_gmt":"2011-08-11T06:35:57","slug":"feustelovi-u-prezidenta-havla","status":"publish","type":"post","link":"https:\/\/www.dokosmuskrtkem.cz\/wordpress\/?p=1061","title":{"rendered":"Feustelovi nav\u0161t\u00edvili V\u00e1clava Havla"},"content":{"rendered":"<p><a href=\"https:\/\/www.dokosmuskrtkem.cz\/wordpress\/wp-content\/uploads\/havel700.jpg\"><img loading=\"lazy\" decoding=\"async\" class=\"alignleft size-full wp-image-1067\" title=\"Setk\u00e1n\u00ed V\u00e1clava Havla s Feustov\u00fdmi na Hr\u00e1de\u010dku, 9. srpna 2011.\" src=\"https:\/\/www.dokosmuskrtkem.cz\/wordpress\/wp-content\/uploads\/havel700.jpg\" alt=\"Setk\u00e1n\u00ed V\u00e1clava Havla s Feustov\u00fdmi na Hr\u00e1de\u010dku, 9. srpna 2011.\" width=\"700\" height=\"466\" srcset=\"https:\/\/www.dokosmuskrtkem.cz\/wordpress\/wp-content\/uploads\/havel700.jpg 700w, https:\/\/www.dokosmuskrtkem.cz\/wordpress\/wp-content\/uploads\/havel700-300x199.jpg 300w\" sizes=\"auto, (max-width: 700px) 100vw, 700px\" \/><\/a><\/p>\n<p>9. srpna 2011 \u2014 Posledn\u00ed zastaven\u00ed Andrewa Feustela s rodinou v \u010cesk\u00e9 republice bylo u prezidenta V\u00e1clava Havla na Hr\u00e1de\u010dku u Trutnova. Hovo\u0159ili spolu o vesm\u00edru a\u00a0 V\u00e1clav Havel\u00a0 zavzpom\u00ednal na sv\u00e1 setk\u00e1n\u00ed s dal\u0161\u00edmi astronauty. Eugene Cernan, astronaut \u010deskoslovensk\u00e9ho p\u016fvodu a velitel kosmick\u00e9 lodi Apollo 17, daroval pr\u00fd Havlovi n\u00e1ramkov\u00e9 hodinky, kter\u00e9 b\u00fdval\u00fd prezident nos\u00ed dodnes.<\/p>\n<p>&#8222;\u00dacta, kterou byste tady mohli kr\u00e1jet a rozd\u00e1vat, moudrost a filozofick\u00fd duch, \u017ee m\u00e1te najednou strach, \u017ee nebudete sta\u010dit tomu tempu. Rozprava se pohybuje od filozofie a\u017e ke konkr\u00e9tn\u00edm ot\u00e1zk\u00e1m v\u011bdy a vesm\u00edru. Beseda, z n\u00ed\u017e ka\u017ed\u00e9 slovo, kter\u00e9 zapomenete, je nesm\u00edrnou \u0161kodou, znalosti V\u00e1clava Havla jsou obdivuhodn\u00e9,&#8220; p\u00ed\u0161e Pavel Suchan z Astronomick\u00e9ho \u00fastavu AV \u010cR, kter\u00fd Andrewa Feustela v \u010cesk\u00e9 republice doprov\u00e1zel. V\u00edce v jeho report\u00e1\u017ei <strong><a href=\"http:\/\/www.asu.cas.cz\/feustel2011-aktualne\" target=\"_blank\">N\u00e1v\u0161t\u011bva Andrewa Feustela den za dnem<\/a><\/strong><strong>.<\/strong><\/p>\n","protected":false},"excerpt":{"rendered":"<p>9. srpna 2011 \u2014 Posledn\u00ed zastaven\u00ed Andrewa Feustela s rodinou v \u010cesk\u00e9 republice bylo u prezidenta V\u00e1clava Havla na Hr\u00e1de\u010dku u Trutnova. Hovo\u0159ili spolu o vesm\u00edru a\u00a0 V\u00e1clav Havel\u00a0 zavzpom\u00ednal na sv\u00e1 setk\u00e1n\u00ed s dal\u0161\u00edmi astronauty. Eugene Cernan, astronaut \u010deskoslovensk\u00e9ho &hellip; <a href=\"https:\/\/www.dokosmuskrtkem.cz\/wordpress\/?p=1061\">Cel\u00fd p\u0159\u00edsp\u011bvek <span class=\"meta-nav\">&rarr;<\/span><\/a><\/p>\n","protected":false},"author":222,"featured_media":0,"comment_status":"closed","ping_status":"open","sticky":false,"template":"","format":"standard","meta":{"footnotes":""},"categories":[7],"tags":[],"class_list":["post-1061","post","type-post","status-publish","format-standard","hentry","category-andrew-feustel-v-ceske-republice"],"_links":{"self":[{"href":"https:\/\/www.dokosmuskrtkem.cz\/wordpress\/index.php?rest_route=\/wp\/v2\/posts\/1061","targetHints":{"allow":["GET"]}}],"collection":[{"href":"https:\/\/www.dokosmuskrtkem.cz\/wordpress\/index.php?rest_route=\/wp\/v2\/posts"}],"about":[{"href":"https:\/\/www.dokosmuskrtkem.cz\/wordpress\/index.php?rest_route=\/wp\/v2\/types\/post"}],"author":[{"embeddable":true,"href":"https:\/\/www.dokosmuskrtkem.cz\/wordpress\/index.php?rest_route=\/wp\/v2\/users\/222"}],"replies":[{"embeddable":true,"href":"https:\/\/www.dokosmuskrtkem.cz\/wordpress\/index.php?rest_route=%2Fwp%2Fv2%2Fcomments&post=1061"}],"version-history":[{"count":10,"href":"https:\/\/www.dokosmuskrtkem.cz\/wordpress\/index.php?rest_route=\/wp\/v2\/posts\/1061\/revisions"}],"predecessor-version":[{"id":1090,"href":"https:\/\/www.dokosmuskrtkem.cz\/wordpress\/index.php?rest_route=\/wp\/v2\/posts\/1061\/revisions\/1090"}],"wp:attachment":[{"href":"https:\/\/www.dokosmuskrtkem.cz\/wordpress\/index.php?rest_route=%2Fwp%2Fv2%2Fmedia&parent=1061"}],"wp:term":[{"taxonomy":"category","embeddable":true,"href":"https:\/\/www.dokosmuskrtkem.cz\/wordpress\/index.php?rest_route=%2Fwp%2Fv2%2Fcategories&post=1061"},{"taxonomy":"post_tag","embeddable":true,"href":"https:\/\/www.dokosmuskrtkem.cz\/wordpress\/index.php?rest_route=%2Fwp%2Fv2%2Ftags&post=1061"}],"curies":[{"name":"wp","href":"https:\/\/api.w.org\/{rel}","templated":true}]}}