{"id":1071,"date":"2011-08-10T08:16:08","date_gmt":"2011-08-10T08:16:08","guid":{"rendered":"http:\/\/www.dokosmuskrtkem.cz\/wordpress\/?p=1071"},"modified":"2011-08-11T06:35:44","modified_gmt":"2011-08-11T06:35:44","slug":"feustelovi-podekovali-za-vrele-prijeti-v-ceske-republice","status":"publish","type":"post","link":"https:\/\/www.dokosmuskrtkem.cz\/wordpress\/?p=1071","title":{"rendered":"Feustelovi pod\u011bkovali za v\u0159el\u00e9 p\u0159ijet\u00ed v \u010cesk\u00e9 republice"},"content":{"rendered":"<p><a href=\"https:\/\/www.dokosmuskrtkem.cz\/wordpress\/wp-content\/uploads\/Mirek_Feustel700.jpg\"><img loading=\"lazy\" decoding=\"async\" class=\"alignleft size-full wp-image-1081\" title=\"Mirek Konvalina, Aden, Andrew, Indira, Ari Feustelovi\" src=\"https:\/\/www.dokosmuskrtkem.cz\/wordpress\/wp-content\/uploads\/Mirek_Feustel700.jpg\" alt=\"Mirek Konvalina, Aden, Andrew, Indira, Ari Feustelovi\" width=\"700\" height=\"411\" srcset=\"https:\/\/www.dokosmuskrtkem.cz\/wordpress\/wp-content\/uploads\/Mirek_Feustel700.jpg 700w, https:\/\/www.dokosmuskrtkem.cz\/wordpress\/wp-content\/uploads\/Mirek_Feustel700-300x176.jpg 300w\" sizes=\"auto, (max-width: 700px) 100vw, 700px\" \/><\/a><\/p>\n<p>10. srpna 2011 \u2014 Andrew Feustel a jeho rodina pod\u011bkovali p\u0159ed sv\u00fdm odletem do Spojen\u00fdch st\u00e1t\u016f v\u0161em organiz\u00e1tor\u016fm v sedmi m\u011bstech (Praha, \u010cesk\u00fd Krumlov, \u010cesk\u00e9 Bud\u011bjovice, Pardubice, Zl\u00edn, Vala\u0161sk\u00e9 Mezi\u0159\u00ed\u010d\u00ed a Brno) za v\u0159el\u00e1 p\u0159ijet\u00ed a des\u00edtky dar\u016f, kter\u00e9 na sv\u00e9 cest\u011b po \u010cesk\u00e9 republice dostali \u2014 od ob\u0159\u00edch pern\u00edk\u016f z Pardubic po slivovici z Vala\u0161sk\u00e9ho Mezi\u0159\u00ed\u010d\u00ed. Andrew Feustel si velice v\u00e1\u017e\u00ed nejvy\u0161\u0161\u00edho ocen\u011bn\u00ed Akademie v\u011bd \u010cR, planetky Feustel, kterou po n\u011bm pojmenovali v \u010deskobud\u011bjovick\u00e9 hv\u011bzd\u00e1rn\u011b, a hv\u011bzdn\u00e9ho doktor\u00e1tu z Univerzity Tom\u00e1\u0161e Bati ve Zl\u00edn\u011b.<\/p>\n<p>&#8222;N\u011bjak\u00e9 shrnut\u00ed? Auto Astronomick\u00e9ho \u00fastavu AV \u010cR najezdilo s Andrew Feustelem a jeho rodinou po \u010cesk\u00e9 republice 2 321 km. S Andrew Feustelem se osobn\u011b potkalo na 3 000 lid\u00ed a statis\u00edce pak prost\u0159ednictv\u00edm televiz\u00ed, r\u00e1di\u00ed a novin. Jen po\u0159ad \u010cesk\u00e9 televize \u010cesk\u00e1 stopa ve vesm\u00edru sledovalo 200 000 lid\u00ed,&#8220; p\u00ed\u0161e Pavel Suchan z Astronomick\u00e9ho \u00fastavu AV \u010cR, kter\u00fd Andrewa Feustela v \u010cesk\u00e9 republice doprov\u00e1zel. V\u00edce v jeho report\u00e1\u017ei <strong><a href=\"http:\/\/www.asu.cas.cz\/feustel2011-aktualne\" target=\"_blank\">N\u00e1v\u0161t\u011bva Andrewa Feustela den za dnem<\/a><\/strong>.<\/p>\n<p>V osv\u011btov\u00fdch aktivit\u00e1ch v \u010cesk\u00e9 republice chce americk\u00fd astronaut pokra\u010dovat i v budoucnu. Americk\u00e9mu centru v Praze daroval postavi\u010dku Krtka, kter\u00e1 s n\u00edm byla ve vesm\u00edru. Postavi\u010dka bude pou\u017e\u00edv\u00e1na v \u010cesk\u00e9 republice p\u0159i osv\u011btov\u00fdch programech Astromick\u00e9ho \u00fastavu AV \u010cR a \u010cesk\u00e9 kosmick\u00e9 kancel\u00e1\u0159e. Trvale bude od z\u00e1\u0159\u00ed vystavena spolu s memorabiliemi z n\u00e1v\u0161t\u011bvy Andrewa Feustela a jeho rodiny v Americk\u00e9m centru v Praze.<\/p>\n","protected":false},"excerpt":{"rendered":"<p>10. srpna 2011 \u2014 Andrew Feustel a jeho rodina pod\u011bkovali p\u0159ed sv\u00fdm odletem do Spojen\u00fdch st\u00e1t\u016f v\u0161em organiz\u00e1tor\u016fm v sedmi m\u011bstech (Praha, \u010cesk\u00fd Krumlov, \u010cesk\u00e9 Bud\u011bjovice, Pardubice, Zl\u00edn, Vala\u0161sk\u00e9 Mezi\u0159\u00ed\u010d\u00ed a Brno) za v\u0159el\u00e1 p\u0159ijet\u00ed a des\u00edtky dar\u016f, kter\u00e9 na &hellip; <a href=\"https:\/\/www.dokosmuskrtkem.cz\/wordpress\/?p=1071\">Cel\u00fd p\u0159\u00edsp\u011bvek <span class=\"meta-nav\">&rarr;<\/span><\/a><\/p>\n","protected":false},"author":222,"featured_media":0,"comment_status":"open","ping_status":"open","sticky":false,"template":"","format":"standard","meta":{"footnotes":""},"categories":[7],"tags":[],"class_list":["post-1071","post","type-post","status-publish","format-standard","hentry","category-andrew-feustel-v-ceske-republice"],"_links":{"self":[{"href":"https:\/\/www.dokosmuskrtkem.cz\/wordpress\/index.php?rest_route=\/wp\/v2\/posts\/1071","targetHints":{"allow":["GET"]}}],"collection":[{"href":"https:\/\/www.dokosmuskrtkem.cz\/wordpress\/index.php?rest_route=\/wp\/v2\/posts"}],"about":[{"href":"https:\/\/www.dokosmuskrtkem.cz\/wordpress\/index.php?rest_route=\/wp\/v2\/types\/post"}],"author":[{"embeddable":true,"href":"https:\/\/www.dokosmuskrtkem.cz\/wordpress\/index.php?rest_route=\/wp\/v2\/users\/222"}],"replies":[{"embeddable":true,"href":"https:\/\/www.dokosmuskrtkem.cz\/wordpress\/index.php?rest_route=%2Fwp%2Fv2%2Fcomments&post=1071"}],"version-history":[{"count":10,"href":"https:\/\/www.dokosmuskrtkem.cz\/wordpress\/index.php?rest_route=\/wp\/v2\/posts\/1071\/revisions"}],"predecessor-version":[{"id":1074,"href":"https:\/\/www.dokosmuskrtkem.cz\/wordpress\/index.php?rest_route=\/wp\/v2\/posts\/1071\/revisions\/1074"}],"wp:attachment":[{"href":"https:\/\/www.dokosmuskrtkem.cz\/wordpress\/index.php?rest_route=%2Fwp%2Fv2%2Fmedia&parent=1071"}],"wp:term":[{"taxonomy":"category","embeddable":true,"href":"https:\/\/www.dokosmuskrtkem.cz\/wordpress\/index.php?rest_route=%2Fwp%2Fv2%2Fcategories&post=1071"},{"taxonomy":"post_tag","embeddable":true,"href":"https:\/\/www.dokosmuskrtkem.cz\/wordpress\/index.php?rest_route=%2Fwp%2Fv2%2Ftags&post=1071"}],"curies":[{"name":"wp","href":"https:\/\/api.w.org\/{rel}","templated":true}]}}