{"id":1112,"date":"2011-12-20T14:06:48","date_gmt":"2011-12-20T14:06:48","guid":{"rendered":"http:\/\/www.dokosmuskrtkem.cz\/wordpress\/?p=1112"},"modified":"2011-12-20T14:07:28","modified_gmt":"2011-12-20T14:07:28","slug":"prohlaseni-rodiny-astronauta-andrewa-feustela-k-umrti-vaclava-havla-a-zdenka-milera","status":"publish","type":"post","link":"https:\/\/www.dokosmuskrtkem.cz\/wordpress\/?p=1112","title":{"rendered":"Prohl\u00e1\u0161en\u00ed rodiny astronauta Andrewa Feustela k \u00famrt\u00ed V\u00e1clava Havla a Zde\u0148ka Milera"},"content":{"rendered":"<p><a href=\"https:\/\/www.dokosmuskrtkem.cz\/wordpress\/wp-content\/uploads\/havel700.jpg\"><img loading=\"lazy\" decoding=\"async\" class=\"alignnone size-full wp-image-1067\" title=\"Setk\u00e1n\u00ed V\u00e1clava Havla s Feustov\u00fdmi na Hr\u00e1de\u010dku, 9. srpna 2011.\" src=\"https:\/\/www.dokosmuskrtkem.cz\/wordpress\/wp-content\/uploads\/havel700.jpg\" alt=\"Setk\u00e1n\u00ed V\u00e1clava Havla s Feustov\u00fdmi na Hr\u00e1de\u010dku, 9. srpna 2011.\" width=\"700\" height=\"466\" srcset=\"https:\/\/www.dokosmuskrtkem.cz\/wordpress\/wp-content\/uploads\/havel700.jpg 700w, https:\/\/www.dokosmuskrtkem.cz\/wordpress\/wp-content\/uploads\/havel700-300x199.jpg 300w\" sizes=\"auto, (max-width: 700px) 100vw, 700px\" \/><\/a><\/p>\n<p>18. prosince 2011 \u2014 Drew, Ari, Aden a j\u00e1 jsme velmi zarmouceni zpr\u00e1vou o \u00famrt\u00ed V\u00e1clava Havla. Je velmi t\u011b\u017ek\u00e9 un\u00e9st, \u017ee \u010desk\u00fd n\u00e1rod i cel\u00fd sv\u011bt ztratil v ned\u00e1vn\u00e9 dob\u011b dva \u00fa\u017easn\u00e9 mu\u017ee, V\u00e1clava Havla a Zde\u0148ka Milera. Velmi si v\u00e1\u017e\u00edme toho, \u017ee jsme m\u011bli to \u0161t\u011bst\u00ed a \u010dest setkat se letos v srpnu s ob\u011bma. Tyto vzpom\u00ednky se vryly do na\u0161ich mysl\u00ed, srdc\u00ed a du\u0161\u00ed. Sed\u00edme a spole\u010dn\u011b si \u010dteme \u010dl\u00e1nky a sledujeme zpr\u00e1vy o tom, \u017ee zem\u0159el pan Miler a dnes i b\u00fdval\u00fd prezident Havel.<\/p>\n<p>V\u011bd\u011bli jsme, \u017ee na\u0161e n\u00e1v\u0161t\u011bva m\u011bla velmi v\u00fdjime\u010dnou atmosf\u00e9ru. Po celou dobu, kdy jsme ve va\u0161\u00ed zemi byli, jsme mluvili o tom, jak jsme \u0161\u0165astn\u00ed a vd\u011b\u010dn\u00ed za neuv\u011b\u0159iteln\u011b v\u0159el\u00e9 p\u0159iv\u00edt\u00e1n\u00ed od na\u0161ich hostitel\u016f, rodiny, obyvatel i p\u0159edstavitel\u016f \u010cesk\u00e9 republiky, va\u0161ich legend i hrdin\u016f. Bylo v tom cosi magick\u00e9ho a nyn\u00ed, kdy\u017e pan Miler a V\u00e1clav Havel ode\u0161li, si uv\u011bdomujeme, \u017ee n\u00e1m sv\u016fj drahocenn\u00fd \u010das v\u011bnovali tito nesm\u00edrn\u011b talentovan\u00ed, inteligentn\u00ed a \u00fa\u017easn\u00ed mu\u017ei. Nikdy nezapomeneme na jejich opravdovost,\u00a0 jejich laskavost, jejich z\u00e1jem a nekone\u010dnou moudrost.<\/p>\n<p>Na\u0161imi srdci jsme s bl\u00edzk\u00fdmi pana Milera a V\u00e1clava Havla, jejich p\u0159\u00e1teli a v\u0161emi lidmi, kte\u0159\u00ed je milovali a v\u00e1\u017eili si jich.<\/p>\n<p>S up\u0159\u00edmnou soustrast\u00ed, Indira, Drew, Ari a Aden Feustelovi<\/p>\n","protected":false},"excerpt":{"rendered":"<p>18. prosince 2011 \u2014 Drew, Ari, Aden a j\u00e1 jsme velmi zarmouceni zpr\u00e1vou o \u00famrt\u00ed V\u00e1clava Havla. Je velmi t\u011b\u017ek\u00e9 un\u00e9st, \u017ee \u010desk\u00fd n\u00e1rod i cel\u00fd sv\u011bt ztratil v ned\u00e1vn\u00e9 dob\u011b dva \u00fa\u017easn\u00e9 mu\u017ee, V\u00e1clava Havla a Zde\u0148ka Milera. Velmi &hellip; <a href=\"https:\/\/www.dokosmuskrtkem.cz\/wordpress\/?p=1112\">Cel\u00fd p\u0159\u00edsp\u011bvek <span class=\"meta-nav\">&rarr;<\/span><\/a><\/p>\n","protected":false},"author":222,"featured_media":0,"comment_status":"open","ping_status":"open","sticky":false,"template":"","format":"standard","meta":{"footnotes":""},"categories":[7],"tags":[],"class_list":["post-1112","post","type-post","status-publish","format-standard","hentry","category-andrew-feustel-v-ceske-republice"],"_links":{"self":[{"href":"https:\/\/www.dokosmuskrtkem.cz\/wordpress\/index.php?rest_route=\/wp\/v2\/posts\/1112","targetHints":{"allow":["GET"]}}],"collection":[{"href":"https:\/\/www.dokosmuskrtkem.cz\/wordpress\/index.php?rest_route=\/wp\/v2\/posts"}],"about":[{"href":"https:\/\/www.dokosmuskrtkem.cz\/wordpress\/index.php?rest_route=\/wp\/v2\/types\/post"}],"author":[{"embeddable":true,"href":"https:\/\/www.dokosmuskrtkem.cz\/wordpress\/index.php?rest_route=\/wp\/v2\/users\/222"}],"replies":[{"embeddable":true,"href":"https:\/\/www.dokosmuskrtkem.cz\/wordpress\/index.php?rest_route=%2Fwp%2Fv2%2Fcomments&post=1112"}],"version-history":[{"count":2,"href":"https:\/\/www.dokosmuskrtkem.cz\/wordpress\/index.php?rest_route=\/wp\/v2\/posts\/1112\/revisions"}],"predecessor-version":[{"id":1114,"href":"https:\/\/www.dokosmuskrtkem.cz\/wordpress\/index.php?rest_route=\/wp\/v2\/posts\/1112\/revisions\/1114"}],"wp:attachment":[{"href":"https:\/\/www.dokosmuskrtkem.cz\/wordpress\/index.php?rest_route=%2Fwp%2Fv2%2Fmedia&parent=1112"}],"wp:term":[{"taxonomy":"category","embeddable":true,"href":"https:\/\/www.dokosmuskrtkem.cz\/wordpress\/index.php?rest_route=%2Fwp%2Fv2%2Fcategories&post=1112"},{"taxonomy":"post_tag","embeddable":true,"href":"https:\/\/www.dokosmuskrtkem.cz\/wordpress\/index.php?rest_route=%2Fwp%2Fv2%2Ftags&post=1112"}],"curies":[{"name":"wp","href":"https:\/\/api.w.org\/{rel}","templated":true}]}}