{"id":159,"date":"2011-03-11T12:03:35","date_gmt":"2011-03-11T12:03:35","guid":{"rendered":"http:\/\/www.dokosmuskrtkem.cz\/wordpress\/?p=159"},"modified":"2011-03-11T20:24:39","modified_gmt":"2011-03-11T20:24:39","slug":"andrew-j-feustel-a-pisne-kosmicke","status":"publish","type":"post","link":"https:\/\/www.dokosmuskrtkem.cz\/wordpress\/?p=159","title":{"rendered":"Andrew J. Feustel a P\u00edsn\u011b kosmick\u00e9"},"content":{"rendered":"<p>Narodil se 25. srpna 1965 v Lancasteru v Pensylv\u00e1nii v USA a vyr\u016fstal v mal\u00e9m m\u011bste\u010dku Lake Orion ve st\u00e1t\u011b Michigan. Tam tak\u00e9 absolvoval st\u0159edn\u00ed \u0161kolu a pot\u00e9 se vydal studovat geologii na Purdue University do st\u00e1tu Indiana. Po z\u00edsk\u00e1n\u00ed magistersk\u00e9ho titulu (1991) se rozhodl z\u00edskat doktorsk\u00fd titul v Kanad\u011b v Ontariu na Queen\u2019s university, co\u017e se mu roku 1995 povedlo obh\u00e1jen\u00edm doktorsk\u00e9 pr\u00e1ce na t\u00e9ma \u00fatlumu seismick\u00fdch vln.<\/p>\n<div id=\"attachment_171\" style=\"width: 250px\" class=\"wp-caption alignright\"><a href=\"https:\/\/www.dokosmuskrtkem.cz\/wordpress\/wp-content\/uploads\/Andrew-Feustel-Official.jpg\"><img loading=\"lazy\" decoding=\"async\" aria-describedby=\"caption-attachment-171\" class=\"size-medium wp-image-171\" title=\"Ofici\u00e1ln\u00ed portr\u00e9t Andrew Feustela\" src=\"https:\/\/www.dokosmuskrtkem.cz\/wordpress\/wp-content\/uploads\/Andrew-Feustel-Official-240x300.jpg\" alt=\"Ofici\u00e1ln\u00ed portr\u00e9t Andrew Feustela\" width=\"240\" height=\"300\" srcset=\"https:\/\/www.dokosmuskrtkem.cz\/wordpress\/wp-content\/uploads\/Andrew-Feustel-Official-240x300.jpg 240w, https:\/\/www.dokosmuskrtkem.cz\/wordpress\/wp-content\/uploads\/Andrew-Feustel-Official.jpg 500w\" sizes=\"auto, (max-width: 240px) 100vw, 240px\" \/><\/a><p id=\"caption-attachment-171\" class=\"wp-caption-text\">Ofici\u00e1ln\u00ed portr\u00e9t Andrew Feustela<\/p><\/div>\n<p>N\u00e1sledn\u011b pracoval p\u011bt let v pr\u016fmyslu a\u017e do doby, kdy byl v \u010dervnu 2000 vybr\u00e1n NASA jako specialista do kosmick\u00fdch mis\u00ed. Andrew Feustel prod\u011blal dvoulet\u00fd v\u00fdcvik NASA a od t\u00e9 doby je za\u0159azen v technick\u00e9m odd\u011blen\u00ed pro raketopl\u00e1ny a vesm\u00edrnou stanici. V \u0159\u00edjnu 2006 byl Feustel vybr\u00e1n za \u010dlena pos\u00e1dky STS 125, tedy do posledn\u00ed servisn\u00ed mise k Hubbleovu kosmick\u00e9mu dalekohledu.<br \/>\n<strong><br \/>\nAndrew J. Feustel opravil HST<\/strong><\/p>\n<p>D\u016fvod\u016f pro n\u00e1v\u0161t\u011bvu HST bylo hned n\u011bkolik. P\u0159edev\u0161\u00edm velk\u00e1 porucha, ke kter\u00e9 do\u0161lo na podzim 2008. Ale i bez n\u00ed bylo t\u0159eba k HST let\u011bt, p\u0159edev\u0161\u00edm kv\u016fli zastar\u00e1v\u00e1n\u00ed techniky a p\u016fvodn\u00edch technologi\u00ed. HST je ve vesm\u00edru p\u0159es 20 let, technologie od t\u00e9 doby v\u00fdrazn\u011b pokro\u010dily a star\u00e9 v\u011bdeck\u00e9 p\u0159\u00edstroje se mus\u00ed obnovovat, aby byly v\u016fbec schopn\u00e9 spolupr\u00e1ce s modern\u00ed technikou. Nov\u00fd v\u011bdeck\u00fd p\u0159\u00edstroj nav\u00edc znamen\u00e1 zlep\u0161en\u00ed kvality napozorovan\u00fdch dat a tedy zlep\u0161en\u00ed v\u00fdkonu HST.<\/p>\n<p>Dal\u0161\u00edm d\u016fvodem bylo postupn\u00e9 sni\u017eov\u00e1n\u00ed v\u00fdkonu slune\u010dn\u00edch panel\u016f dalekohledu, kter\u00e9 by mohlo ohrozit jeho funk\u010dnost a dal\u0161\u00edch sou\u010d\u00e1st\u00ed, kter\u00e9 se opot\u0159ebov\u00e1vaj\u00ed. Pos\u00e1dka vym\u011bnila baterie, opot\u0159ebovan\u00e1 lo\u017eiska setrva\u010dn\u00edk\u016f, kter\u00e9 udr\u017euj\u00ed pointaci HST a tak\u00e9 \u010d\u00e1st tepeln\u00e9 izolace.<\/p>\n<p>Andrew J. Feustel podnikl s kolegou v\u00fdstup do voln\u00e9ho kosmick\u00e9ho prostoru a spole\u010dn\u011b nainstalovali nov\u00fd spektrometr na ultrafialov\u00e9 z\u00e1\u0159en\u00ed a novou \u0161iroko\u00fahlou kameru citlivou na z\u00e1\u0159en\u00ed infra\u010derven\u00e9, viditeln\u00e9 i ultrafialov\u00e9. Proto\u017ee se jednalo o posledn\u00ed misi k HST, pos\u00e1dka u\u017e tak\u00e9 namontovala za\u0159\u00edzen\u00ed, kter\u00e9 po skon\u010den\u00ed \u017eivotnosti HST navede do hust\u00fdch vrstev zemsk\u00e9 atmosf\u00e9ry, kde sho\u0159\u00ed.<\/p>\n<p><strong>P\u00edsn\u011b kosmick\u00e9 ve vesm\u00edru<\/strong><\/p>\n<div id=\"attachment_170\" style=\"width: 310px\" class=\"wp-caption alignright\"><a href=\"https:\/\/www.dokosmuskrtkem.cz\/wordpress\/wp-content\/uploads\/pisne_kosmicke.jpg\"><img loading=\"lazy\" decoding=\"async\" aria-describedby=\"caption-attachment-170\" class=\"size-medium wp-image-170\" title=\"Andrew Feustel a P\u00edsn\u011b kosmick\u00e9 ve vesm\u00edru\" src=\"https:\/\/www.dokosmuskrtkem.cz\/wordpress\/wp-content\/uploads\/pisne_kosmicke-300x198.jpg\" alt=\"Andrew Feustel a P\u00edsn\u011b kosmick\u00e9 ve vesm\u00edru\" width=\"300\" height=\"198\" srcset=\"https:\/\/www.dokosmuskrtkem.cz\/wordpress\/wp-content\/uploads\/pisne_kosmicke-300x198.jpg 300w, https:\/\/www.dokosmuskrtkem.cz\/wordpress\/wp-content\/uploads\/pisne_kosmicke.jpg 635w\" sizes=\"auto, (max-width: 300px) 100vw, 300px\" \/><\/a><p id=\"caption-attachment-170\" class=\"wp-caption-text\">Andrew Feustel a P\u00edsn\u011b kosmick\u00e9 ve vesm\u00edru<\/p><\/div>\n<p>U mise raketopl\u00e1nu STS 125 z \u010desk\u00e9ho pohledu bud\u00ed pozornost p\u0159edev\u0161\u00edm \u010dlen pos\u00e1dky astronaut Andrew J. Feustel. Jeho man\u017eelka m\u00e1 \u010deskou maminku a ko\u0159eny ze Znojma a nav\u0161t\u011bvuj\u00ed na\u0161\u00ed republiku. Andrew Feustel nab\u00eddl koncem roku 2008 Astronomick\u00e9mu \u00fastavu AV \u010cR, \u017ee p\u0159i misi raketopl\u00e1nu STS 125 v kv\u011btnu 2009 ur\u010den\u00e9 k posledn\u00ed servisn\u00ed oprav\u011b Hubbleova kosmick\u00e9ho dalekohledu, vezme do sv\u00e9ho osobn\u00edho bal\u00ed\u010dku na palubu raketopl\u00e1nu p\u0159edm\u011bt, kter\u00fd \u00fastav vybere.<\/p>\n<p>Z mnoha n\u00e1vrh\u016f byly vybr\u00e1ny P\u00edsn\u011b kosmick\u00e9 Jana Nerudy. Jednak proto, \u017ee jsou n\u00e1rodn\u00edm kulturn\u00edm bohatstv\u00edm a jednak proto, \u017ee jsou spojeny s ond\u0159ejovskou observato\u0159\u00ed. Jan Neruda byl kmotrem brat\u0159\u00ed Fri\u010d\u016f, kte\u0159\u00ed ond\u0159ejovskou observato\u0159 zalo\u017eili a citace z P\u00edsn\u00ed kosmick\u00fdch jsou uvedeny na fresk\u00e1ch historick\u00e9 pracovny hv\u011bzd\u00e1rny. Ot\u00e1zka Jana Nerudy Jsou-li tam \u017e\u00e1by taky&#8230; se tak symbolicky dostala k dalekohledu, kter\u00fd je patrn\u011b doposud nejzn\u00e1m\u011bj\u0161\u00edm a nej\u00fasp\u011b\u0161n\u011bj\u0161\u00edm dalekohledem v\u0161ech dob.<\/p>\n<p>P\u00edsn\u011b kosmick\u00e9 po n\u00e1vratu na Zemi Andrew J. Feustel osobn\u011b p\u0159edal \u0159editeli Astronomick\u00e9ho \u00fastavu AV \u010cR p\u0159i sv\u00e9 n\u00e1v\u0161t\u011bv\u011b \u010cesk\u00e9 republiky v srpnu 2009.\u00a0 Dnes je m\u016f\u017eete vid\u011bt v muzeu Vojt\u011bcha \u0160af\u00e1\u0159\u00edka v are\u00e1lu Astronomick\u00e9ho \u00fastavu AV \u010cR v Ond\u0159ejov\u011b. Pobyt Andrew Feustela v l\u00e9t\u011b 2009 v \u010cesk\u00e9 republice se uskute\u010dnil na pozv\u00e1n\u00ed Astronomick\u00e9ho \u00fastavu a Astronaut absolvoval turn\u00e9 p\u0159edn\u00e1\u0161ek Plze\u0148 &#8211; Praha &#8211; Ond\u0159ejov &#8211; Brno &#8211; Znojmo a Velk\u00e1 B\u00edte\u0161.<\/p>\n<p>Podrobn\u00e9 informace o n\u00e1v\u0161t\u011bv\u011b Andrew Feustela v \u010cesk\u00e9 republice najdete na str\u00e1nk\u00e1ch <a href=\"http:\/\/www.asu.cas.cz\/news\/131_astronaut-andrew-feustel-v-cr-besedy-a-autogramiady\/\" target=\"_blank\">Astronomick\u00e9ho \u00fastavu AV \u010cR<\/a>. \u010cl\u00e1nek o vystoupen\u00ed Andrew Feustela na zahrad\u011b Vratislavsk\u00e9ho pal\u00e1ce si m\u016f\u017eete p\u0159e\u010d\u00edst <a href=\"http:\/\/czech.prague.usembassy.gov\/astronaut_andrew_feustel_v_americkem_centru.html\" target=\"_blank\">zde<\/a>.<\/p>\n<p>Bohat\u00e1 fotogalerie z n\u00e1v\u0161t\u011bvy je na <a href=\"http:\/\/www.asu.cas.cz\/feustel\" target=\"_blank\">www.asu.cas.cz\/feustel<\/a>, fotografie z ve\u010dera v zahrad\u011b Vratislavsk\u00e9ho pal\u00e1ce na <a href=\"http:\/\/www.aic.cz\/slides\/feustel\/\" target=\"_blank\">www.aic.cz\/slides\/feustel<\/a>.<\/p>\n<p>Sledujte <a href=\"http:\/\/www.youtube.com\/watch?v=TEH-2JyVTJk\" target=\"_blank\">rozhovor s Andrew Feustelem a jeho \u017eenou Indirou<\/a> v Americk\u00e9m centru v srpnu 2009.<\/p>\n","protected":false},"excerpt":{"rendered":"<p>Narodil se 25. srpna 1965 v Lancasteru v Pensylv\u00e1nii v USA a vyr\u016fstal v mal\u00e9m m\u011bste\u010dku Lake Orion ve st\u00e1t\u011b Michigan. Tam tak\u00e9 absolvoval st\u0159edn\u00ed \u0161kolu a pot\u00e9 se vydal studovat geologii na Purdue University do st\u00e1tu Indiana. Po z\u00edsk\u00e1n\u00ed &hellip; <a href=\"https:\/\/www.dokosmuskrtkem.cz\/wordpress\/?p=159\">Cel\u00fd p\u0159\u00edsp\u011bvek <span class=\"meta-nav\">&rarr;<\/span><\/a><\/p>\n","protected":false},"author":222,"featured_media":0,"comment_status":"closed","ping_status":"open","sticky":false,"template":"","format":"standard","meta":{"footnotes":""},"categories":[5],"tags":[],"class_list":["post-159","post","type-post","status-publish","format-standard","hentry","category-andrew-feustel"],"_links":{"self":[{"href":"https:\/\/www.dokosmuskrtkem.cz\/wordpress\/index.php?rest_route=\/wp\/v2\/posts\/159","targetHints":{"allow":["GET"]}}],"collection":[{"href":"https:\/\/www.dokosmuskrtkem.cz\/wordpress\/index.php?rest_route=\/wp\/v2\/posts"}],"about":[{"href":"https:\/\/www.dokosmuskrtkem.cz\/wordpress\/index.php?rest_route=\/wp\/v2\/types\/post"}],"author":[{"embeddable":true,"href":"https:\/\/www.dokosmuskrtkem.cz\/wordpress\/index.php?rest_route=\/wp\/v2\/users\/222"}],"replies":[{"embeddable":true,"href":"https:\/\/www.dokosmuskrtkem.cz\/wordpress\/index.php?rest_route=%2Fwp%2Fv2%2Fcomments&post=159"}],"version-history":[{"count":7,"href":"https:\/\/www.dokosmuskrtkem.cz\/wordpress\/index.php?rest_route=\/wp\/v2\/posts\/159\/revisions"}],"predecessor-version":[{"id":195,"href":"https:\/\/www.dokosmuskrtkem.cz\/wordpress\/index.php?rest_route=\/wp\/v2\/posts\/159\/revisions\/195"}],"wp:attachment":[{"href":"https:\/\/www.dokosmuskrtkem.cz\/wordpress\/index.php?rest_route=%2Fwp%2Fv2%2Fmedia&parent=159"}],"wp:term":[{"taxonomy":"category","embeddable":true,"href":"https:\/\/www.dokosmuskrtkem.cz\/wordpress\/index.php?rest_route=%2Fwp%2Fv2%2Fcategories&post=159"},{"taxonomy":"post_tag","embeddable":true,"href":"https:\/\/www.dokosmuskrtkem.cz\/wordpress\/index.php?rest_route=%2Fwp%2Fv2%2Ftags&post=159"}],"curies":[{"name":"wp","href":"https:\/\/api.w.org\/{rel}","templated":true}]}}